{"id":2082,"date":"2017-12-18T07:25:05","date_gmt":"2017-12-18T06:25:05","guid":{"rendered":"http:\/\/cykloprojekt.irt.wroc.pl\/?p=2082"},"modified":"2017-12-19T09:10:03","modified_gmt":"2017-12-19T08:10:03","slug":"setkani-pracovni-skupiny-v-hradci-kralove-11-12-2017","status":"publish","type":"post","link":"https:\/\/cykloprojekt.irt.wroc.pl\/index.php\/cs\/2017\/12\/18\/setkani-pracovni-skupiny-v-hradci-kralove-11-12-2017\/","title":{"rendered":"Setk\u00e1n\u00ed Pracovn\u00ed skupiny v Hradci Kr\u00e1lov\u00e9 (11.12.2017)"},"content":{"rendered":"<p>11 prosince 2017 se v\u00a0Hradci Kr\u00e1lov\u00e9 uskute\u010dnilo setk\u00e1n\u00ed pracovn\u00ed skupiny projektu \u201eKoncepce rozvoje p\u0159eshrani\u010dn\u00ed cyklistick\u00e9 turistiky v\u00a0polsko-\u010desk\u00e9m pohrani\u010d\u00ed\u201c. Setk\u00e1n\u00ed bylo zah\u00e1jeno od projedn\u00e1n\u00ed v\u00fdsledk\u016f prvn\u00ed etapy inventarizace cyklistick\u00fdch tras a ostatn\u00edch projekt\u016f d\u016fle\u017eit\u00fdch pro rozvoj cyklistick\u00e9 turistiky v\u00a0polsko-\u010desk\u00e9m pohrani\u010d\u00ed, kterou provedla firma NEUTENO. N\u00e1sledn\u011b \u010dlenov\u00e9 pracovn\u00ed skupiny v\u010detn\u011b expert\u016f zapojen\u00fdch p\u0159\u00edmo do projektu zah\u00e1jili vstupn\u00ed pr\u00e1ce, souvisej\u00edc\u00ed s vyty\u010den\u00edm d\u00e1lkov\u00e9 cyklistick\u00e9 trasy na z\u00e1klad\u011b shrom\u00e1\u017ed\u011bn\u00fdch \u00fadaj\u016f z\u00edskan\u00fdch b\u011bhem\u00a0I. etapy inventarizace.<\/p>\n<p>Po proveden\u00fdch prac\u00edch, z\u00e1stupce vedouc\u00edho partnera p\u0159edstavil rozsah \u201esilni\u010dn\u00ed mapy\u201c projektu \u2013 popisuj\u00edc\u00ed postupnou implementaci v\u00fdsledk\u016f projektu v\u00a0praxi, tak aby byla trasa fakticky vybudovan\u00e1 a po skon\u010den\u00ed stavebn\u00edch prac\u00ed i \u0159\u00e1dn\u011b udr\u017eovan\u00e1. Silni\u010dn\u00ed mapa bude p\u0159edev\u0161\u00edm zohled\u0148ovat spole\u010dn\u011b p\u0159ijat\u00e1 krit\u00e9ria, tykaj\u00edc\u00ed se mezi jin\u00fdmi: pr\u016fb\u011bhu d\u00e1lkov\u00e9 cyklistick\u00e9 trasy a to zejm\u00e9na v\u00a0geodetick\u00e9 dokumentaci a nejr\u016fzn\u011bj\u0161\u00edch v\u00fdkresech, ur\u010den\u00ed investi\u010dn\u00edch pot\u0159eb, zvolen\u00ed vhodn\u00e9 strategie v\u010detn\u011b odpov\u00eddaj\u00edc\u00edho managementu a monitorovac\u00edho syst\u00e9mu.<\/p>\n<p>Po kr\u00e1tk\u00e9 p\u0159est\u00e1vce, z\u00e1stupci t\u0159i partner\u016f projektu \u2013 Region Orlicko-T\u0159ebovsko, Sdru\u017een\u00ed Rozvoje a Region\u00e1ln\u00ed Spolupr\u00e1ce \u201eOlza\u201c a okres Z\u0105bkowice \u2013 p\u0159edstavili rozsah modelov\u00fdch \u010dinnosti realizovan\u00fdch v\u00a0n\u00e1sleduj\u00edc\u00edch etap\u00e1ch projektu:<\/p>\n<ul>\n<li>Model implementace podklad\u016f \u201eKoncepce rozvoje p\u0159eshrani\u010dn\u00ed cyklistick\u00e9 turistiky v\u00a0polsko-\u010desk\u00e9m pohrani\u010d\u00ed\u201c v\u00a0rozsahu spole\u010dn\u00e9 propagace a ozna\u010den\u00ed, na z\u00e1klad\u011b projektu SINGLETRACK GLACENSIS (Region Orlicko-T\u0159ebosko);<\/li>\n<li>Modelov\u00fd projet dopravn\u00ed organizace pro kl\u00ed\u010dov\u00e9 \u00faseky d\u00e1lkov\u00e9 cyklistick\u00e9 trasy ve Slezsk\u00e9m vojvodstv\u00ed (SRiWR \u201eOlza\u201c);<\/li>\n<li>Modelov\u00e1 Koncepce rozvoje okresn\u00edho cyklistick\u00e9ho syst\u00e9mu (SRPSR) v\u00a0okrese Z\u0105bkowice<\/li>\n<\/ul>\n<p>Setk\u00e1n\u00ed bylo zakon\u010denou spole\u010dnou diskusi, tykaj\u00edc\u00ed se nejbli\u017e\u0161\u00edch \u00fakol\u016f projektu v\u010detn\u011b bl\u00ed\u017e\u00edc\u00edho se setk\u00e1n\u00ed \u2013 II. Politicko-administrativn\u00edho f\u00f3ra, Mobiln\u00edho informa\u010dn\u00edho centra, kter\u00e9 se uskute\u010dn\u00ed v\u00a0lednu 2018.<\/p>\n<p><a href=\"http:\/\/cykloprojekt.irt.wroc.pl\/wp-content\/uploads\/2017\/12\/IMG_20171211_135449.jpg\"><img decoding=\"async\" loading=\"lazy\" class=\"alignleft wp-image-2076 size-thumbnail\" src=\"http:\/\/cykloprojekt.irt.wroc.pl\/wp-content\/uploads\/2017\/12\/IMG_20171211_135449-150x150.jpg\" alt=\"\" width=\"150\" height=\"150\" \/><\/a> <a href=\"http:\/\/cykloprojekt.irt.wroc.pl\/wp-content\/uploads\/2017\/12\/IMG_20171211_135435.jpg\"><img decoding=\"async\" loading=\"lazy\" class=\"alignleft wp-image-2075 size-thumbnail\" src=\"http:\/\/cykloprojekt.irt.wroc.pl\/wp-content\/uploads\/2017\/12\/IMG_20171211_135435-150x150.jpg\" alt=\"\" width=\"150\" height=\"150\" \/><\/a> <a href=\"http:\/\/cykloprojekt.irt.wroc.pl\/wp-content\/uploads\/2017\/12\/IMG_20171211_162646.jpg\"><img decoding=\"async\" loading=\"lazy\" class=\"alignleft wp-image-2074 size-thumbnail\" src=\"http:\/\/cykloprojekt.irt.wroc.pl\/wp-content\/uploads\/2017\/12\/IMG_20171211_162646-150x150.jpg\" alt=\"\" width=\"150\" height=\"150\" \/><\/a> <a href=\"http:\/\/cykloprojekt.irt.wroc.pl\/wp-content\/uploads\/2017\/12\/IMG_20171211_145956.jpg\"><img decoding=\"async\" loading=\"lazy\" class=\"alignleft wp-image-2073 size-thumbnail\" src=\"http:\/\/cykloprojekt.irt.wroc.pl\/wp-content\/uploads\/2017\/12\/IMG_20171211_145956-150x150.jpg\" alt=\"\" width=\"150\" height=\"150\" \/><\/a> <a href=\"http:\/\/cykloprojekt.irt.wroc.pl\/wp-content\/uploads\/2017\/12\/IMG_20171211_140447.jpg\"><img decoding=\"async\" loading=\"lazy\" class=\"alignleft wp-image-2072 size-thumbnail\" src=\"http:\/\/cykloprojekt.irt.wroc.pl\/wp-content\/uploads\/2017\/12\/IMG_20171211_140447-150x150.jpg\" alt=\"\" width=\"150\" height=\"150\" \/><\/a><\/p>\n","protected":false},"excerpt":{"rendered":"<p>11 prosince 2017 se v\u00a0Hradci Kr\u00e1lov\u00e9 uskute\u010dnilo setk\u00e1n\u00ed pracovn\u00ed skupiny projektu \u201eKoncepce rozvoje p\u0159eshrani\u010dn\u00ed cyklistick\u00e9 turistiky v\u00a0polsko-\u010desk\u00e9m pohrani\u010d\u00ed\u201c. Setk\u00e1n\u00ed bylo zah\u00e1jeno od projedn\u00e1n\u00ed&#8230;<\/p>\n","protected":false},"author":1,"featured_media":2072,"comment_status":"open","ping_status":"open","sticky":false,"template":"","format":"image","meta":[],"categories":[7],"tags":[],"_links":{"self":[{"href":"https:\/\/cykloprojekt.irt.wroc.pl\/index.php\/wp-json\/wp\/v2\/posts\/2082"}],"collection":[{"href":"https:\/\/cykloprojekt.irt.wroc.pl\/index.php\/wp-json\/wp\/v2\/posts"}],"about":[{"href":"https:\/\/cykloprojekt.irt.wroc.pl\/index.php\/wp-json\/wp\/v2\/types\/post"}],"author":[{"embeddable":true,"href":"https:\/\/cykloprojekt.irt.wroc.pl\/index.php\/wp-json\/wp\/v2\/users\/1"}],"replies":[{"embeddable":true,"href":"https:\/\/cykloprojekt.irt.wroc.pl\/index.php\/wp-json\/wp\/v2\/comments?post=2082"}],"version-history":[{"count":2,"href":"https:\/\/cykloprojekt.irt.wroc.pl\/index.php\/wp-json\/wp\/v2\/posts\/2082\/revisions"}],"predecessor-version":[{"id":2084,"href":"https:\/\/cykloprojekt.irt.wroc.pl\/index.php\/wp-json\/wp\/v2\/posts\/2082\/revisions\/2084"}],"wp:featuredmedia":[{"embeddable":true,"href":"https:\/\/cykloprojekt.irt.wroc.pl\/index.php\/wp-json\/wp\/v2\/media\/2072"}],"wp:attachment":[{"href":"https:\/\/cykloprojekt.irt.wroc.pl\/index.php\/wp-json\/wp\/v2\/media?parent=2082"}],"wp:term":[{"taxonomy":"category","embeddable":true,"href":"https:\/\/cykloprojekt.irt.wroc.pl\/index.php\/wp-json\/wp\/v2\/categories?post=2082"},{"taxonomy":"post_tag","embeddable":true,"href":"https:\/\/cykloprojekt.irt.wroc.pl\/index.php\/wp-json\/wp\/v2\/tags?post=2082"}],"curies":[{"name":"wp","href":"https:\/\/api.w.org\/{rel}","templated":true}]}}