{"id":2466,"date":"2019-07-29T03:55:36","date_gmt":"2019-07-29T01:55:36","guid":{"rendered":"http:\/\/cykloprojekt.irt.wroc.pl\/?p=2466"},"modified":"2019-07-29T04:23:23","modified_gmt":"2019-07-29T02:23:23","slug":"ostatnie-spotkanie-forum-administracyjno-politycznego","status":"publish","type":"post","link":"https:\/\/cykloprojekt.irt.wroc.pl\/index.php\/pl\/2019\/07\/29\/ostatnie-spotkanie-forum-administracyjno-politycznego\/","title":{"rendered":"Ostatnie spotkanie Forum Administracyjno &#8211; Politycznego"},"content":{"rendered":"<p>W dniu\u00a0<strong>13 maja 2019<\/strong> <strong>r.<\/strong>\u00a0odby\u0142o si\u0119 w<strong> Szklarskiej Por\u0119bie<\/strong> (Hotel Europa \u2013G\u00f3rnicza Strzecha, ul. Wysoka 7, Szklarska Por\u0119ba) ostatnie ju\u017c spotkanie Forum Administracyjno &#8211; Politycznego (FAP).<\/p>\n<p>Zaproszonym politykom i aktywistom zaprezentowano dotychczasowe wyniki prac nad projektem, w tym Strategi\u0119 wdro\u017ceniow\u0105 d\u0142ugodystansowej trasy rowerowej na pograniczu polsko &#8211; czeskim, a tak\u017ce jedno z dzia\u0142a\u0144 pilota\u017cowych projektu &#8211; Modelow\u0105 koncepcj\u0105 rozwoju powiatowego systemu rowerowego.<\/p>\n<p>Du\u017c\u0105 cz\u0119\u015b\u0107 spotkania przeznaczono na dyskusj\u0119 na temat mo\u017cliwo\u015bci finansowania tras rowerowych i planistycznych metod wdro\u017ceniowych.<\/p>\n<p>Rol\u0105 FAP jest uzyskanie politycznego poparcia dla rozpowszechnienia idei projektu, jego rezultat\u00f3w oraz wdra\u017cania wsp\u00f3lnie wypracowanych wynik\u00f3w.<\/p>\n<p><a href=\"http:\/\/cykloprojekt.irt.wroc.pl\/wp-content\/uploads\/2019\/07\/CZ-PL_4.-Forum-A-P-agenda.pdf\">Forum A-P &#8211; agenda<\/a><\/p>\n<p>&nbsp;<\/p>\n<div id='gallery-1' class='gallery galleryid-2466 gallery-columns-3 gallery-size-medium'><figure class='gallery-item'>\n\t\t\t<div class='gallery-icon landscape'>\n\t\t\t\t<a href='https:\/\/cykloprojekt.irt.wroc.pl\/index.php\/pl\/2019\/07\/29\/ostatnie-spotkanie-forum-administracyjno-politycznego\/img_20190513_133932\/'><img width=\"300\" height=\"169\" src=\"https:\/\/cykloprojekt.irt.wroc.pl\/wp-content\/uploads\/2019\/07\/IMG_20190513_133932-300x169.jpg\" class=\"attachment-medium size-medium\" alt=\"\" decoding=\"async\" loading=\"lazy\" srcset=\"https:\/\/cykloprojekt.irt.wroc.pl\/wp-content\/uploads\/2019\/07\/IMG_20190513_133932-300x169.jpg 300w, https:\/\/cykloprojekt.irt.wroc.pl\/wp-content\/uploads\/2019\/07\/IMG_20190513_133932-768x432.jpg 768w, https:\/\/cykloprojekt.irt.wroc.pl\/wp-content\/uploads\/2019\/07\/IMG_20190513_133932-1024x576.jpg 1024w\" sizes=\"(max-width: 300px) 100vw, 300px\" \/><\/a>\n\t\t\t<\/div><\/figure><figure class='gallery-item'>\n\t\t\t<div class='gallery-icon landscape'>\n\t\t\t\t<a href='https:\/\/cykloprojekt.irt.wroc.pl\/index.php\/pl\/2019\/07\/29\/ostatnie-spotkanie-forum-administracyjno-politycznego\/img_20190513_133923\/'><img width=\"300\" height=\"169\" src=\"https:\/\/cykloprojekt.irt.wroc.pl\/wp-content\/uploads\/2019\/07\/IMG_20190513_133923-300x169.jpg\" class=\"attachment-medium size-medium\" alt=\"\" decoding=\"async\" loading=\"lazy\" srcset=\"https:\/\/cykloprojekt.irt.wroc.pl\/wp-content\/uploads\/2019\/07\/IMG_20190513_133923-300x169.jpg 300w, https:\/\/cykloprojekt.irt.wroc.pl\/wp-content\/uploads\/2019\/07\/IMG_20190513_133923-768x432.jpg 768w, https:\/\/cykloprojekt.irt.wroc.pl\/wp-content\/uploads\/2019\/07\/IMG_20190513_133923-1024x576.jpg 1024w\" sizes=\"(max-width: 300px) 100vw, 300px\" \/><\/a>\n\t\t\t<\/div><\/figure><figure class='gallery-item'>\n\t\t\t<div class='gallery-icon landscape'>\n\t\t\t\t<a href='https:\/\/cykloprojekt.irt.wroc.pl\/index.php\/pl\/2019\/07\/29\/ostatnie-spotkanie-forum-administracyjno-politycznego\/img_20190513_131424\/'><img width=\"300\" height=\"169\" src=\"https:\/\/cykloprojekt.irt.wroc.pl\/wp-content\/uploads\/2019\/07\/IMG_20190513_131424-300x169.jpg\" class=\"attachment-medium size-medium\" alt=\"\" decoding=\"async\" loading=\"lazy\" srcset=\"https:\/\/cykloprojekt.irt.wroc.pl\/wp-content\/uploads\/2019\/07\/IMG_20190513_131424-300x169.jpg 300w, https:\/\/cykloprojekt.irt.wroc.pl\/wp-content\/uploads\/2019\/07\/IMG_20190513_131424-768x432.jpg 768w, https:\/\/cykloprojekt.irt.wroc.pl\/wp-content\/uploads\/2019\/07\/IMG_20190513_131424-1024x576.jpg 1024w\" sizes=\"(max-width: 300px) 100vw, 300px\" \/><\/a>\n\t\t\t<\/div><\/figure><figure class='gallery-item'>\n\t\t\t<div class='gallery-icon landscape'>\n\t\t\t\t<a href='https:\/\/cykloprojekt.irt.wroc.pl\/index.php\/pl\/2019\/07\/29\/ostatnie-spotkanie-forum-administracyjno-politycznego\/img_20190513_121103\/'><img width=\"300\" height=\"169\" src=\"https:\/\/cykloprojekt.irt.wroc.pl\/wp-content\/uploads\/2019\/07\/IMG_20190513_121103-300x169.jpg\" class=\"attachment-medium size-medium\" alt=\"\" decoding=\"async\" loading=\"lazy\" srcset=\"https:\/\/cykloprojekt.irt.wroc.pl\/wp-content\/uploads\/2019\/07\/IMG_20190513_121103-300x169.jpg 300w, https:\/\/cykloprojekt.irt.wroc.pl\/wp-content\/uploads\/2019\/07\/IMG_20190513_121103-768x432.jpg 768w, https:\/\/cykloprojekt.irt.wroc.pl\/wp-content\/uploads\/2019\/07\/IMG_20190513_121103-1024x576.jpg 1024w\" sizes=\"(max-width: 300px) 100vw, 300px\" \/><\/a>\n\t\t\t<\/div><\/figure><figure class='gallery-item'>\n\t\t\t<div class='gallery-icon landscape'>\n\t\t\t\t<a href='https:\/\/cykloprojekt.irt.wroc.pl\/index.php\/pl\/2019\/07\/29\/ostatnie-spotkanie-forum-administracyjno-politycznego\/img_20190513_121045\/'><img width=\"300\" height=\"188\" src=\"https:\/\/cykloprojekt.irt.wroc.pl\/wp-content\/uploads\/2019\/07\/IMG_20190513_121045-e1564365542427-300x188.jpg\" class=\"attachment-medium size-medium\" alt=\"\" decoding=\"async\" loading=\"lazy\" srcset=\"https:\/\/cykloprojekt.irt.wroc.pl\/wp-content\/uploads\/2019\/07\/IMG_20190513_121045-e1564365542427-300x188.jpg 300w, https:\/\/cykloprojekt.irt.wroc.pl\/wp-content\/uploads\/2019\/07\/IMG_20190513_121045-e1564365542427-768x482.jpg 768w, https:\/\/cykloprojekt.irt.wroc.pl\/wp-content\/uploads\/2019\/07\/IMG_20190513_121045-e1564365542427-1024x643.jpg 1024w\" sizes=\"(max-width: 300px) 100vw, 300px\" \/><\/a>\n\t\t\t<\/div><\/figure><figure class='gallery-item'>\n\t\t\t<div class='gallery-icon landscape'>\n\t\t\t\t<a href='https:\/\/cykloprojekt.irt.wroc.pl\/index.php\/pl\/2019\/07\/29\/ostatnie-spotkanie-forum-administracyjno-politycznego\/20190513_133243\/'><img width=\"300\" height=\"177\" src=\"https:\/\/cykloprojekt.irt.wroc.pl\/wp-content\/uploads\/2019\/07\/20190513_133243-e1564365590274-300x177.jpg\" class=\"attachment-medium size-medium\" alt=\"\" decoding=\"async\" loading=\"lazy\" srcset=\"https:\/\/cykloprojekt.irt.wroc.pl\/wp-content\/uploads\/2019\/07\/20190513_133243-e1564365590274-300x177.jpg 300w, https:\/\/cykloprojekt.irt.wroc.pl\/wp-content\/uploads\/2019\/07\/20190513_133243-e1564365590274-768x453.jpg 768w, https:\/\/cykloprojekt.irt.wroc.pl\/wp-content\/uploads\/2019\/07\/20190513_133243-e1564365590274-1024x604.jpg 1024w\" sizes=\"(max-width: 300px) 100vw, 300px\" \/><\/a>\n\t\t\t<\/div><\/figure>\n\t\t<\/div>\n\n","protected":false},"excerpt":{"rendered":"<p>W dniu\u00a013 maja 2019 r.\u00a0odby\u0142o si\u0119 w Szklarskiej Por\u0119bie (Hotel Europa \u2013G\u00f3rnicza Strzecha, ul. Wysoka 7, Szklarska Por\u0119ba) ostatnie ju\u017c spotkanie Forum Administracyjno&#8230;<\/p>\n","protected":false},"author":2,"featured_media":2472,"comment_status":"open","ping_status":"open","sticky":false,"template":"","format":"standard","meta":[],"categories":[1],"tags":[],"_links":{"self":[{"href":"https:\/\/cykloprojekt.irt.wroc.pl\/index.php\/wp-json\/wp\/v2\/posts\/2466"}],"collection":[{"href":"https:\/\/cykloprojekt.irt.wroc.pl\/index.php\/wp-json\/wp\/v2\/posts"}],"about":[{"href":"https:\/\/cykloprojekt.irt.wroc.pl\/index.php\/wp-json\/wp\/v2\/types\/post"}],"author":[{"embeddable":true,"href":"https:\/\/cykloprojekt.irt.wroc.pl\/index.php\/wp-json\/wp\/v2\/users\/2"}],"replies":[{"embeddable":true,"href":"https:\/\/cykloprojekt.irt.wroc.pl\/index.php\/wp-json\/wp\/v2\/comments?post=2466"}],"version-history":[{"count":2,"href":"https:\/\/cykloprojekt.irt.wroc.pl\/index.php\/wp-json\/wp\/v2\/posts\/2466\/revisions"}],"predecessor-version":[{"id":2475,"href":"https:\/\/cykloprojekt.irt.wroc.pl\/index.php\/wp-json\/wp\/v2\/posts\/2466\/revisions\/2475"}],"wp:featuredmedia":[{"embeddable":true,"href":"https:\/\/cykloprojekt.irt.wroc.pl\/index.php\/wp-json\/wp\/v2\/media\/2472"}],"wp:attachment":[{"href":"https:\/\/cykloprojekt.irt.wroc.pl\/index.php\/wp-json\/wp\/v2\/media?parent=2466"}],"wp:term":[{"taxonomy":"category","embeddable":true,"href":"https:\/\/cykloprojekt.irt.wroc.pl\/index.php\/wp-json\/wp\/v2\/categories?post=2466"},{"taxonomy":"post_tag","embeddable":true,"href":"https:\/\/cykloprojekt.irt.wroc.pl\/index.php\/wp-json\/wp\/v2\/tags?post=2466"}],"curies":[{"name":"wp","href":"https:\/\/api.w.org\/{rel}","templated":true}]}}