{"id":2537,"date":"2019-07-31T02:27:30","date_gmt":"2019-07-31T00:27:30","guid":{"rendered":"http:\/\/cykloprojekt.irt.wroc.pl\/?p=2537"},"modified":"2019-07-31T02:29:19","modified_gmt":"2019-07-31T00:29:19","slug":"konferencja-podsumowujaca-projekt","status":"publish","type":"post","link":"https:\/\/cykloprojekt.irt.wroc.pl\/index.php\/pl\/2019\/07\/31\/konferencja-podsumowujaca-projekt\/","title":{"rendered":"KONFERENCJA PODSUMOWUJ\u0104CA PROJEKT"},"content":{"rendered":"<p>W dniu 25.07.2019r. w czeskim Nachodzie odby\u0142a si\u0119 konferencja podsumowuj\u0105ca prace nad trwaj\u0105cym 2,5 roku projektem:\u00a0<strong>\u201eKoncepcja rozwoju transgranicznej turystyki rowerowej na polsko \u2013 czeskim pograniczu\u201c.<\/strong><\/p>\n<p><span style=\"color: #3366ff;\"><a style=\"color: #3366ff;\" href=\"http:\/\/cykloprojekt.irt.wroc.pl\/wp-content\/uploads\/2019\/07\/POZV\u00c1NKA_PROGRAM_referenci.pdf\">PROGRAM KONFERENCJI<\/a><\/span><\/p>\n<p>Projekt wsp\u00f3\u0142pracy transgranicznej, opracowywany w ramach Programu Interreg VA Pl &#8211; CZ, realizowa\u0142o dziewi\u0119ciu partner\u00f3w z\u00a0Czech i Polski.\u00a0 Jego g\u0142\u00f3wnym celem projektu by\u0142 szeroko rozumiany rozw\u00f3j turystyki rowerowej w czesko-polskim obszarze pogranicza.<\/p>\n<p>Celem konferencji by\u0142a prezentacja wynik\u00f3w wsp\u00f3lnej pracy partner\u00f3w i ekspert\u00f3w projektu, a tak\u017ce pozyskanie wsparcia politycznego dla faktycznej realizacji projektu, oraz dalsza promocja idei projektu.<\/p>\n<p>Na konferencji zaprezentowano wszystkie produkty, jakie uda\u0142o si\u0119 wsp\u00f3lnie wypracowa\u0107 w ramach projektu, w tym g\u0142\u00f3wny, kt\u00f3rym by\u0142o wytyczenie prawie 1300 kilometrowego przebiegu d\u0142ugodystansowej trasy rowerowej na pograniczu polsko-czeskim.<\/p>\n<p>Wa\u017cnym punktem konferencji by\u0142o podpisanie <strong>Listu intencyjnego potwierdzaj\u0105cego wol\u0119 wsp\u00f3\u0142pracy na rzecz realizacji projektu pn. \u201eBudowa cyklostrady po trasie zlikwidowanej linii kolejowej: Kondratowice \u2013 Z\u0105bkowice \u015al\u0105skie \u2013 Srebrna G\u00f3ra<\/strong>.\u00a0Planowana, 40 kilometrowa cyklostrada wpisuje si\u0119 w przebieg d\u0142ugodystansowej trasy rowerowej wyznaczonej w ramach projektu. Deklaracja polityczna podpisana przez przedstawicieli Wojew\u00f3dztwa Dolno\u015bl\u0105skiego, Powiatu Z\u0105bkowickiego, gmin: Ciep\u0142owody, Kondratowice, Stoszowice i Z\u0105bkowice \u015al\u0105skie jest wa\u017cnym krokiem we wdra\u017caniu ustale\u0144 projektu\u00a0\u00a0<strong>\u201eKoncepcja rozwoju transgranicznej turystyki rowerowej na polsko \u2013 czeskim pograniczu\u201c.<\/strong><\/p>\n<div id='gallery-1' class='gallery galleryid-2537 gallery-columns-2 gallery-size-medium'><figure class='gallery-item'>\n\t\t\t<div class='gallery-icon landscape'>\n\t\t\t\t<a href='https:\/\/cykloprojekt.irt.wroc.pl\/index.php\/pl\/konferencja\/img_20190725_110129\/'><img width=\"300\" height=\"191\" src=\"https:\/\/cykloprojekt.irt.wroc.pl\/wp-content\/uploads\/2019\/07\/IMG_20190725_110129-e1564529820912-300x191.jpg\" class=\"attachment-medium size-medium\" alt=\"\" decoding=\"async\" loading=\"lazy\" srcset=\"https:\/\/cykloprojekt.irt.wroc.pl\/wp-content\/uploads\/2019\/07\/IMG_20190725_110129-e1564529820912-300x191.jpg 300w, https:\/\/cykloprojekt.irt.wroc.pl\/wp-content\/uploads\/2019\/07\/IMG_20190725_110129-e1564529820912-768x489.jpg 768w, https:\/\/cykloprojekt.irt.wroc.pl\/wp-content\/uploads\/2019\/07\/IMG_20190725_110129-e1564529820912-1024x652.jpg 1024w, https:\/\/cykloprojekt.irt.wroc.pl\/wp-content\/uploads\/2019\/07\/IMG_20190725_110129-e1564529820912-542x343.jpg 542w\" sizes=\"(max-width: 300px) 100vw, 300px\" \/><\/a>\n\t\t\t<\/div><\/figure><figure class='gallery-item'>\n\t\t\t<div class='gallery-icon landscape'>\n\t\t\t\t<a href='https:\/\/cykloprojekt.irt.wroc.pl\/index.php\/pl\/konferencja\/dsc_4145\/'><img width=\"300\" height=\"199\" src=\"https:\/\/cykloprojekt.irt.wroc.pl\/wp-content\/uploads\/2019\/07\/DSC_4145-300x199.jpg\" class=\"attachment-medium size-medium\" alt=\"\" decoding=\"async\" loading=\"lazy\" srcset=\"https:\/\/cykloprojekt.irt.wroc.pl\/wp-content\/uploads\/2019\/07\/DSC_4145-300x199.jpg 300w, https:\/\/cykloprojekt.irt.wroc.pl\/wp-content\/uploads\/2019\/07\/DSC_4145-768x509.jpg 768w, https:\/\/cykloprojekt.irt.wroc.pl\/wp-content\/uploads\/2019\/07\/DSC_4145-1024x678.jpg 1024w\" sizes=\"(max-width: 300px) 100vw, 300px\" \/><\/a>\n\t\t\t<\/div><\/figure>\n\t\t<\/div>\n\n<p><img decoding=\"async\" loading=\"lazy\" class=\"aligncenter size-large wp-image-2535\" src=\"http:\/\/cykloprojekt.irt.wroc.pl\/wp-content\/uploads\/2019\/07\/LI_podpisy-1024x702.png\" alt=\"\" width=\"640\" height=\"439\" srcset=\"https:\/\/cykloprojekt.irt.wroc.pl\/wp-content\/uploads\/2019\/07\/LI_podpisy-1024x702.png 1024w, https:\/\/cykloprojekt.irt.wroc.pl\/wp-content\/uploads\/2019\/07\/LI_podpisy-300x206.png 300w, https:\/\/cykloprojekt.irt.wroc.pl\/wp-content\/uploads\/2019\/07\/LI_podpisy-768x527.png 768w, https:\/\/cykloprojekt.irt.wroc.pl\/wp-content\/uploads\/2019\/07\/LI_podpisy.png 1311w\" sizes=\"(max-width: 640px) 100vw, 640px\" \/><\/p>\n<p>Zapraszamy do zapoznania si\u0119 z prezentacjami przedstawiaj\u0105cymi najwa\u017cniejsze zagadnienia podj\u0119te w ramach projektu:<\/p>\n<ol>\n<li><span style=\"color: #ff6600;\"><a style=\"color: #ff6600;\" href=\"http:\/\/cykloprojekt.irt.wroc.pl\/wp-content\/uploads\/2019\/07\/1_2019-07-25_cykloprojekt-og\u00f3lnie.pdf\">Cykloprojekt- informacje o projekcie<\/a><\/span><\/li>\n<li><span style=\"color: #ff6600;\"><a style=\"color: #ff6600;\" href=\"http:\/\/cykloprojekt.irt.wroc.pl\/wp-content\/uploads\/2019\/07\/2_2019-07-25_cykloprojekt-Daniel-Mourek_fin.pdf\">Cykloprojekt-Koncepcja przebiegu d\u0142ugodystansowej trasy rowerowej wraz z sieci\u0105 transgranicznych powi\u0105za\u0144 rowerowych<\/a><\/span><\/li>\n<li><span style=\"color: #ff6600;\"><a style=\"color: #ff6600;\" href=\"http:\/\/cykloprojekt.irt.wroc.pl\/wp-content\/uploads\/2019\/07\/3_MTB_R.Sedova.pdf\">Cykloprojekt_MTB<\/a><\/span><\/li>\n<li><span style=\"color: #ff6600;\"><a style=\"color: #ff6600;\" href=\"http:\/\/cykloprojekt.irt.wroc.pl\/wp-content\/uploads\/2019\/07\/4_2019-07-25_In-line-smernice_Wytyczne-dla-rozwoju-turystyki-rolkowej.pdf\">Cykloprojekt &#8211; Turystyka rolkowa<\/a><\/span><\/li>\n<li><span style=\"color: #ff6600;\"><a style=\"color: #ff6600;\" href=\"http:\/\/cykloprojekt.irt.wroc.pl\/wp-content\/uploads\/2019\/07\/5_2019-07-25_prezentacja-Wdro\u017cenie-koncepcji-PP-SRiWR-Olza.pdf\">Cykloprojket &#8211; Strategia wdro\u017ceniowa<\/a><\/span><\/li>\n<li><span style=\"color: #ff6600;\"><a style=\"color: #ff6600;\" href=\"http:\/\/cykloprojekt.irt.wroc.pl\/wp-content\/uploads\/2019\/07\/6_2019-07-25_FINANCE.pdf\">Cykloprojekt &#8211; Finansowanie<\/a><\/span><\/li>\n<li><span style=\"color: #ff6600;\"><a style=\"color: #ff6600;\" href=\"http:\/\/cykloprojekt.irt.wroc.pl\/wp-content\/uploads\/2019\/07\/7_2019-07-25_cykloprojekt-monitoring.pdf\">Cykloprojekt &#8211; Monitoring<\/a><\/span><\/li>\n<li><span style=\"color: #ff6600;\"><a style=\"color: #ff6600;\" href=\"http:\/\/cykloprojekt.irt.wroc.pl\/wp-content\/uploads\/2019\/07\/8_promocja_cykloprojekt.pdf\">Cykloprojekt &#8211; Promocja<\/a><\/span><\/li>\n<li><span style=\"color: #ff6600;\"><a style=\"color: #ff6600;\" href=\"http:\/\/cykloprojekt.irt.wroc.pl\/wp-content\/uploads\/2019\/07\/1_Model-Singletrack-Glacensis_R.Sedova.pdf\">Cykloprojekt &#8211; Wsp\u00f3lna promocja i oznakowanie \u2013 projekt SINGLETRACK GLACENSIS<\/a><\/span><\/li>\n<li><span style=\"color: #ff6600;\"><a style=\"color: #ff6600;\" href=\"http:\/\/cykloprojekt.irt.wroc.pl\/wp-content\/uploads\/2019\/07\/2_2019-07-25_-POWIAT-Z\u0104BKOWICKI.pdf\">Cykloprojekt &#8211; Modelowa koncepcja rozwoju systemu rowerowego powiatu z\u0105bkowickiego<\/a><\/span><\/li>\n<li><span style=\"color: #ff6600;\"><a style=\"color: #ff6600;\" href=\"http:\/\/cykloprojekt.irt.wroc.pl\/wp-content\/uploads\/2019\/07\/3_2019-07-25_prezentacja_DM-MPOR-PP-SRiWR-Olza.pdf\">Cykloprojekt &#8211; Projekt organizacji ruchu dla kluczowych odcink\u00f3w d\u0142ugodystansowej trasy rowerowej<\/a><\/span><\/li>\n<\/ol>\n<p>BARDZO DZI\u0118KUJEMY WSZYSTKIM UCZESTNIKOM KONFERENCJI ZA OBECNO\u015a\u0106 I G\u0141OS W DYSKUSJI.<\/p>\n<p><span style=\"color: #3366ff;\"><strong>ZACH\u0118CAMY TE\u017b DO ZAPOZNANIA SI\u0118 Z NASZ\u0104 PUBLIKACJ\u0104, W KT\u00d3REJ OPISANE S\u0104 WSZYSTKIE PRODUKTY PROJEKTU (zak\u0142adka PRODUKTY PROJEKTU).<\/strong><\/span><\/p>\n<div id='gallery-2' class='gallery galleryid-2537 gallery-columns-3 gallery-size-medium'><figure class='gallery-item'>\n\t\t\t<div class='gallery-icon landscape'>\n\t\t\t\t<a href='https:\/\/cykloprojekt.irt.wroc.pl\/index.php\/pl\/konferencja\/rys-20-przebieg-trasy\/'><img width=\"300\" height=\"194\" src=\"https:\/\/cykloprojekt.irt.wroc.pl\/wp-content\/uploads\/2019\/07\/Rys.-20.-Przebieg-trasy-300x194.jpg\" class=\"attachment-medium size-medium\" alt=\"\" decoding=\"async\" loading=\"lazy\" srcset=\"https:\/\/cykloprojekt.irt.wroc.pl\/wp-content\/uploads\/2019\/07\/Rys.-20.-Przebieg-trasy-300x194.jpg 300w, https:\/\/cykloprojekt.irt.wroc.pl\/wp-content\/uploads\/2019\/07\/Rys.-20.-Przebieg-trasy-768x497.jpg 768w, https:\/\/cykloprojekt.irt.wroc.pl\/wp-content\/uploads\/2019\/07\/Rys.-20.-Przebieg-trasy-1024x663.jpg 1024w\" sizes=\"(max-width: 300px) 100vw, 300px\" \/><\/a>\n\t\t\t<\/div><\/figure><figure class='gallery-item'>\n\t\t\t<div class='gallery-icon landscape'>\n\t\t\t\t<a href='https:\/\/cykloprojekt.irt.wroc.pl\/index.php\/pl\/2019\/07\/31\/konferencja-podsumowujaca-projekt\/dsc_2113\/'><img width=\"300\" height=\"200\" src=\"https:\/\/cykloprojekt.irt.wroc.pl\/wp-content\/uploads\/2019\/07\/DSC_2113-300x200.jpg\" class=\"attachment-medium size-medium\" alt=\"\" decoding=\"async\" loading=\"lazy\" srcset=\"https:\/\/cykloprojekt.irt.wroc.pl\/wp-content\/uploads\/2019\/07\/DSC_2113-300x200.jpg 300w, https:\/\/cykloprojekt.irt.wroc.pl\/wp-content\/uploads\/2019\/07\/DSC_2113-768x512.jpg 768w, https:\/\/cykloprojekt.irt.wroc.pl\/wp-content\/uploads\/2019\/07\/DSC_2113-1024x683.jpg 1024w\" sizes=\"(max-width: 300px) 100vw, 300px\" \/><\/a>\n\t\t\t<\/div><\/figure><figure class='gallery-item'>\n\t\t\t<div class='gallery-icon landscape'>\n\t\t\t\t<a href='https:\/\/cykloprojekt.irt.wroc.pl\/index.php\/pl\/2019\/07\/31\/konferencja-podsumowujaca-projekt\/dsc_2050\/'><img width=\"300\" height=\"200\" src=\"https:\/\/cykloprojekt.irt.wroc.pl\/wp-content\/uploads\/2019\/07\/DSC_2050-300x200.jpg\" class=\"attachment-medium size-medium\" alt=\"\" decoding=\"async\" loading=\"lazy\" srcset=\"https:\/\/cykloprojekt.irt.wroc.pl\/wp-content\/uploads\/2019\/07\/DSC_2050-300x200.jpg 300w, https:\/\/cykloprojekt.irt.wroc.pl\/wp-content\/uploads\/2019\/07\/DSC_2050-768x512.jpg 768w, https:\/\/cykloprojekt.irt.wroc.pl\/wp-content\/uploads\/2019\/07\/DSC_2050-1024x683.jpg 1024w\" sizes=\"(max-width: 300px) 100vw, 300px\" \/><\/a>\n\t\t\t<\/div><\/figure><figure class='gallery-item'>\n\t\t\t<div class='gallery-icon landscape'>\n\t\t\t\t<a href='https:\/\/cykloprojekt.irt.wroc.pl\/index.php\/pl\/2019\/07\/31\/konferencja-podsumowujaca-projekt\/dsc_2098\/'><img width=\"300\" height=\"200\" src=\"https:\/\/cykloprojekt.irt.wroc.pl\/wp-content\/uploads\/2019\/07\/DSC_2098-300x200.jpg\" class=\"attachment-medium size-medium\" alt=\"\" decoding=\"async\" loading=\"lazy\" srcset=\"https:\/\/cykloprojekt.irt.wroc.pl\/wp-content\/uploads\/2019\/07\/DSC_2098-300x200.jpg 300w, https:\/\/cykloprojekt.irt.wroc.pl\/wp-content\/uploads\/2019\/07\/DSC_2098-768x512.jpg 768w, https:\/\/cykloprojekt.irt.wroc.pl\/wp-content\/uploads\/2019\/07\/DSC_2098-1024x683.jpg 1024w\" sizes=\"(max-width: 300px) 100vw, 300px\" \/><\/a>\n\t\t\t<\/div><\/figure><figure class='gallery-item'>\n\t\t\t<div class='gallery-icon landscape'>\n\t\t\t\t<a href='https:\/\/cykloprojekt.irt.wroc.pl\/index.php\/pl\/konferencja\/dsc_4120\/'><img width=\"300\" height=\"199\" src=\"https:\/\/cykloprojekt.irt.wroc.pl\/wp-content\/uploads\/2019\/07\/DSC_4120-300x199.jpg\" class=\"attachment-medium size-medium\" alt=\"\" decoding=\"async\" loading=\"lazy\" srcset=\"https:\/\/cykloprojekt.irt.wroc.pl\/wp-content\/uploads\/2019\/07\/DSC_4120-300x199.jpg 300w, https:\/\/cykloprojekt.irt.wroc.pl\/wp-content\/uploads\/2019\/07\/DSC_4120-768x509.jpg 768w, https:\/\/cykloprojekt.irt.wroc.pl\/wp-content\/uploads\/2019\/07\/DSC_4120-1024x678.jpg 1024w\" sizes=\"(max-width: 300px) 100vw, 300px\" \/><\/a>\n\t\t\t<\/div><\/figure><figure class='gallery-item'>\n\t\t\t<div class='gallery-icon landscape'>\n\t\t\t\t<a href='https:\/\/cykloprojekt.irt.wroc.pl\/index.php\/pl\/konferencja\/dsc_4166\/'><img width=\"300\" height=\"199\" src=\"https:\/\/cykloprojekt.irt.wroc.pl\/wp-content\/uploads\/2019\/07\/DSC_4166-300x199.jpg\" class=\"attachment-medium size-medium\" alt=\"\" decoding=\"async\" loading=\"lazy\" srcset=\"https:\/\/cykloprojekt.irt.wroc.pl\/wp-content\/uploads\/2019\/07\/DSC_4166-300x199.jpg 300w, https:\/\/cykloprojekt.irt.wroc.pl\/wp-content\/uploads\/2019\/07\/DSC_4166-768x509.jpg 768w, https:\/\/cykloprojekt.irt.wroc.pl\/wp-content\/uploads\/2019\/07\/DSC_4166-1024x678.jpg 1024w\" sizes=\"(max-width: 300px) 100vw, 300px\" \/><\/a>\n\t\t\t<\/div><\/figure><figure class='gallery-item'>\n\t\t\t<div class='gallery-icon landscape'>\n\t\t\t\t<a href='https:\/\/cykloprojekt.irt.wroc.pl\/index.php\/pl\/konferencja\/dsc_4150\/'><img width=\"300\" height=\"199\" src=\"https:\/\/cykloprojekt.irt.wroc.pl\/wp-content\/uploads\/2019\/07\/DSC_4150-300x199.jpg\" class=\"attachment-medium size-medium\" alt=\"\" decoding=\"async\" loading=\"lazy\" srcset=\"https:\/\/cykloprojekt.irt.wroc.pl\/wp-content\/uploads\/2019\/07\/DSC_4150-300x199.jpg 300w, https:\/\/cykloprojekt.irt.wroc.pl\/wp-content\/uploads\/2019\/07\/DSC_4150-768x509.jpg 768w, https:\/\/cykloprojekt.irt.wroc.pl\/wp-content\/uploads\/2019\/07\/DSC_4150-1024x678.jpg 1024w\" sizes=\"(max-width: 300px) 100vw, 300px\" \/><\/a>\n\t\t\t<\/div><\/figure><figure class='gallery-item'>\n\t\t\t<div class='gallery-icon landscape'>\n\t\t\t\t<a href='https:\/\/cykloprojekt.irt.wroc.pl\/index.php\/pl\/konferencja\/dsc_4213\/'><img width=\"300\" height=\"199\" src=\"https:\/\/cykloprojekt.irt.wroc.pl\/wp-content\/uploads\/2019\/07\/DSC_4213-300x199.jpg\" class=\"attachment-medium size-medium\" alt=\"\" decoding=\"async\" loading=\"lazy\" srcset=\"https:\/\/cykloprojekt.irt.wroc.pl\/wp-content\/uploads\/2019\/07\/DSC_4213-300x199.jpg 300w, https:\/\/cykloprojekt.irt.wroc.pl\/wp-content\/uploads\/2019\/07\/DSC_4213-768x509.jpg 768w, https:\/\/cykloprojekt.irt.wroc.pl\/wp-content\/uploads\/2019\/07\/DSC_4213-1024x678.jpg 1024w\" sizes=\"(max-width: 300px) 100vw, 300px\" \/><\/a>\n\t\t\t<\/div><\/figure><figure class='gallery-item'>\n\t\t\t<div class='gallery-icon landscape'>\n\t\t\t\t<a href='https:\/\/cykloprojekt.irt.wroc.pl\/index.php\/pl\/konferencja\/dsc_4216\/'><img width=\"300\" height=\"199\" src=\"https:\/\/cykloprojekt.irt.wroc.pl\/wp-content\/uploads\/2019\/07\/DSC_4216-300x199.jpg\" class=\"attachment-medium size-medium\" alt=\"\" decoding=\"async\" loading=\"lazy\" srcset=\"https:\/\/cykloprojekt.irt.wroc.pl\/wp-content\/uploads\/2019\/07\/DSC_4216-300x199.jpg 300w, https:\/\/cykloprojekt.irt.wroc.pl\/wp-content\/uploads\/2019\/07\/DSC_4216-768x509.jpg 768w, https:\/\/cykloprojekt.irt.wroc.pl\/wp-content\/uploads\/2019\/07\/DSC_4216-1024x678.jpg 1024w\" sizes=\"(max-width: 300px) 100vw, 300px\" \/><\/a>\n\t\t\t<\/div><\/figure><figure class='gallery-item'>\n\t\t\t<div class='gallery-icon landscape'>\n\t\t\t\t<a href='https:\/\/cykloprojekt.irt.wroc.pl\/index.php\/pl\/konferencja\/dsc_4168\/'><img width=\"300\" height=\"199\" src=\"https:\/\/cykloprojekt.irt.wroc.pl\/wp-content\/uploads\/2019\/07\/DSC_4168-300x199.jpg\" class=\"attachment-medium size-medium\" alt=\"\" decoding=\"async\" loading=\"lazy\" srcset=\"https:\/\/cykloprojekt.irt.wroc.pl\/wp-content\/uploads\/2019\/07\/DSC_4168-300x199.jpg 300w, https:\/\/cykloprojekt.irt.wroc.pl\/wp-content\/uploads\/2019\/07\/DSC_4168-768x509.jpg 768w, https:\/\/cykloprojekt.irt.wroc.pl\/wp-content\/uploads\/2019\/07\/DSC_4168-1024x678.jpg 1024w\" sizes=\"(max-width: 300px) 100vw, 300px\" \/><\/a>\n\t\t\t<\/div><\/figure><figure class='gallery-item'>\n\t\t\t<div class='gallery-icon landscape'>\n\t\t\t\t<a href='https:\/\/cykloprojekt.irt.wroc.pl\/index.php\/pl\/2019\/07\/31\/konferencja-podsumowujaca-projekt\/dsc_2127\/'><img width=\"300\" height=\"200\" src=\"https:\/\/cykloprojekt.irt.wroc.pl\/wp-content\/uploads\/2019\/07\/DSC_2127-300x200.jpg\" class=\"attachment-medium size-medium\" alt=\"\" decoding=\"async\" loading=\"lazy\" srcset=\"https:\/\/cykloprojekt.irt.wroc.pl\/wp-content\/uploads\/2019\/07\/DSC_2127-300x200.jpg 300w, https:\/\/cykloprojekt.irt.wroc.pl\/wp-content\/uploads\/2019\/07\/DSC_2127-768x512.jpg 768w, https:\/\/cykloprojekt.irt.wroc.pl\/wp-content\/uploads\/2019\/07\/DSC_2127-1024x683.jpg 1024w\" sizes=\"(max-width: 300px) 100vw, 300px\" \/><\/a>\n\t\t\t<\/div><\/figure><figure class='gallery-item'>\n\t\t\t<div class='gallery-icon landscape'>\n\t\t\t\t<a href='https:\/\/cykloprojekt.irt.wroc.pl\/index.php\/pl\/konferencja\/cykloprojekt-publikacja\/'><img width=\"300\" height=\"200\" src=\"https:\/\/cykloprojekt.irt.wroc.pl\/wp-content\/uploads\/2019\/07\/CYKLOPROJEKT-PUBLIKACJA-300x200.jpg\" class=\"attachment-medium size-medium\" alt=\"\" decoding=\"async\" loading=\"lazy\" srcset=\"https:\/\/cykloprojekt.irt.wroc.pl\/wp-content\/uploads\/2019\/07\/CYKLOPROJEKT-PUBLIKACJA-300x200.jpg 300w, https:\/\/cykloprojekt.irt.wroc.pl\/wp-content\/uploads\/2019\/07\/CYKLOPROJEKT-PUBLIKACJA-768x512.jpg 768w, https:\/\/cykloprojekt.irt.wroc.pl\/wp-content\/uploads\/2019\/07\/CYKLOPROJEKT-PUBLIKACJA.jpg 960w\" sizes=\"(max-width: 300px) 100vw, 300px\" \/><\/a>\n\t\t\t<\/div><\/figure>\n\t\t<\/div>\n\n<p>&nbsp;<\/p>\n","protected":false},"excerpt":{"rendered":"<p>W dniu 25.07.2019r. w czeskim Nachodzie odby\u0142a si\u0119 konferencja podsumowuj\u0105ca prace nad trwaj\u0105cym 2,5 roku projektem:\u00a0\u201eKoncepcja rozwoju transgranicznej turystyki rowerowej na polsko \u2013&#8230;<\/p>\n","protected":false},"author":2,"featured_media":2512,"comment_status":"open","ping_status":"open","sticky":false,"template":"","format":"standard","meta":[],"categories":[1],"tags":[],"_links":{"self":[{"href":"https:\/\/cykloprojekt.irt.wroc.pl\/index.php\/wp-json\/wp\/v2\/posts\/2537"}],"collection":[{"href":"https:\/\/cykloprojekt.irt.wroc.pl\/index.php\/wp-json\/wp\/v2\/posts"}],"about":[{"href":"https:\/\/cykloprojekt.irt.wroc.pl\/index.php\/wp-json\/wp\/v2\/types\/post"}],"author":[{"embeddable":true,"href":"https:\/\/cykloprojekt.irt.wroc.pl\/index.php\/wp-json\/wp\/v2\/users\/2"}],"replies":[{"embeddable":true,"href":"https:\/\/cykloprojekt.irt.wroc.pl\/index.php\/wp-json\/wp\/v2\/comments?post=2537"}],"version-history":[{"count":4,"href":"https:\/\/cykloprojekt.irt.wroc.pl\/index.php\/wp-json\/wp\/v2\/posts\/2537\/revisions"}],"predecessor-version":[{"id":2545,"href":"https:\/\/cykloprojekt.irt.wroc.pl\/index.php\/wp-json\/wp\/v2\/posts\/2537\/revisions\/2545"}],"wp:featuredmedia":[{"embeddable":true,"href":"https:\/\/cykloprojekt.irt.wroc.pl\/index.php\/wp-json\/wp\/v2\/media\/2512"}],"wp:attachment":[{"href":"https:\/\/cykloprojekt.irt.wroc.pl\/index.php\/wp-json\/wp\/v2\/media?parent=2537"}],"wp:term":[{"taxonomy":"category","embeddable":true,"href":"https:\/\/cykloprojekt.irt.wroc.pl\/index.php\/wp-json\/wp\/v2\/categories?post=2537"},{"taxonomy":"post_tag","embeddable":true,"href":"https:\/\/cykloprojekt.irt.wroc.pl\/index.php\/wp-json\/wp\/v2\/tags?post=2537"}],"curies":[{"name":"wp","href":"https:\/\/api.w.org\/{rel}","templated":true}]}}